{"id":1606,"date":"2017-07-15T21:52:14","date_gmt":"2017-07-15T20:52:14","guid":{"rendered":"http:\/\/pioch.dk\/tur\/?p=1606"},"modified":"2017-07-15T21:52:15","modified_gmt":"2017-07-15T20:52:15","slug":"sonntag-2","status":"publish","type":"post","link":"https:\/\/pioch.dk\/tur\/sonntag-2\/","title":{"rendered":"Sonntag"},"content":{"rendered":"<p>Keine eigenen Spazierg\u00e4nge in der Region an deiem Wochenende&#8230;<\/p>\n<p>&#8230;aber der Tip bei einer gesch\u00e4tzten Kollegin auf zwei Touren mitzugehen:<\/p>\n<p><em>&#8222;Der F\u00f6rderverein Mittlere Treene l\u00e4dt am Sonntag um 10 Uhr zu einer F\u00fchrung durch das ehemalige Tanklager zwischen Tarp und Eggebek, der heutigen Heide T\u00fcdal, ein. Bei einem Streifzug durch das Gebiet lassen sich zusammen mit der Biologin Andrea Thomes interessante Naturbeobachtungen machen. Zurzeit kann auch der Bau des neuen Bildungshauses Treenelandschaft verfolgt werden. Die F\u00fchrung startet am Haupteingangstor am Stapelholmer Weg (L 247). Eine Anmeldung ist nicht notwendig, die F\u00fchrung ist kostenfrei. Um 15 Uhr gibt es zudem eine F\u00fchrung mit Biologin Andrea Thomes \u00fcber das Gel\u00e4nde des fr\u00fcheren Munitionslagers bei Eggebek. Im Anschluss wird Angela Neumann von der Stiftung Naturschutz das Projekt Bl\u00fctenmeer 2020 und die im Archepark ans\u00e4ssige G\u00e4rtnerei vorstellen. Eine Anmeldung ist nicht notwendig, die F\u00fchrung ist kostenfrei, eine Spende ist willkommen.&#8220;<\/em><\/p>\n<p>So weit das Flensburger Tageblatt vom 14. Juli 2017.<\/p>\n<p>Weite Infos findest du auf den Seiten des <a href=\"http:\/\/www.mittleretreene.de\/\">F\u00f6rdervereins Mittlere Treene<\/a> (-&gt;Umweltbildung -&gt;Aktuelles). Wer auf die 15:00 Tour mit m\u00f6chte, darf sich gerne bei mir melden. Wir k\u00f6nnen dann gemeinsam nach Eggebek fahren.<\/p>\n<p>Am n\u00e4chsten Wochenende geht es dann wieder los: Am Sonnabend ist Meerestag in Westerholz, am Sonntag geht es voraussichtlich nach <a href=\"https:\/\/en.wikipedia.org\/wiki\/Sundeved\">Sundeved<\/a>.<\/p>\n<p>Doch zun\u00e4chst dir f\u00fcr diesen Sonntag einen Sonnentag w\u00fcnschend<br \/>\n\ud83d\ude42<br \/>\nAxel<\/p>\n","protected":false},"excerpt":{"rendered":"<p>Keine eigenen Spazierg\u00e4nge in der Region an deiem Wochenende&#8230; &#8230;aber der Tip bei einer gesch\u00e4tzten Kollegin auf zwei Touren mitzugehen: &#8222;Der F\u00f6rderverein Mittlere Treene l\u00e4dt am Sonntag um 10 Uhr zu einer F\u00fchrung durch das ehemalige Tanklager zwischen Tarp und Eggebek, der heutigen Heide T\u00fcdal, ein. Bei einem Streifzug durch das Gebiet lassen sich zusammen [&hellip;]<\/p>\n","protected":false},"author":2,"featured_media":0,"comment_status":"open","ping_status":"open","sticky":false,"template":"","format":"standard","meta":{"footnotes":""},"categories":[1],"tags":[],"class_list":["post-1606","post","type-post","status-publish","format-standard","hentry","category-allgemein"],"_links":{"self":[{"href":"https:\/\/pioch.dk\/tur\/wp-json\/wp\/v2\/posts\/1606","targetHints":{"allow":["GET"]}}],"collection":[{"href":"https:\/\/pioch.dk\/tur\/wp-json\/wp\/v2\/posts"}],"about":[{"href":"https:\/\/pioch.dk\/tur\/wp-json\/wp\/v2\/types\/post"}],"author":[{"embeddable":true,"href":"https:\/\/pioch.dk\/tur\/wp-json\/wp\/v2\/users\/2"}],"replies":[{"embeddable":true,"href":"https:\/\/pioch.dk\/tur\/wp-json\/wp\/v2\/comments?post=1606"}],"version-history":[{"count":4,"href":"https:\/\/pioch.dk\/tur\/wp-json\/wp\/v2\/posts\/1606\/revisions"}],"predecessor-version":[{"id":1611,"href":"https:\/\/pioch.dk\/tur\/wp-json\/wp\/v2\/posts\/1606\/revisions\/1611"}],"wp:attachment":[{"href":"https:\/\/pioch.dk\/tur\/wp-json\/wp\/v2\/media?parent=1606"}],"wp:term":[{"taxonomy":"category","embeddable":true,"href":"https:\/\/pioch.dk\/tur\/wp-json\/wp\/v2\/categories?post=1606"},{"taxonomy":"post_tag","embeddable":true,"href":"https:\/\/pioch.dk\/tur\/wp-json\/wp\/v2\/tags?post=1606"}],"curies":[{"name":"wp","href":"https:\/\/api.w.org\/{rel}","templated":true}]}}