{"id":1892,"date":"2018-05-05T11:38:36","date_gmt":"2018-05-05T10:38:36","guid":{"rendered":"http:\/\/pioch.dk\/tur\/?p=1892"},"modified":"2018-05-05T18:48:08","modified_gmt":"2018-05-05T17:48:08","slug":"frommer-tour","status":"publish","type":"post","link":"https:\/\/pioch.dk\/tur\/frommer-tour\/","title":{"rendered":"Frommer Tour"},"content":{"rendered":"<p>Viele sagen, es sei die sch\u00f6nste Zeit des Jahres: Der Frommer. Die Mischung aus Fr\u00fchjahr und Sommer l\u00e4sst Vieles sprie\u00dfen und Einiges aufbl\u00fchen.<\/p>\n<p>Nachdem uns die letzten Touren &#8211; nicht alle wurden hier ausgeschrieben &#8211; in und durch Buchenwaldkulturen gef\u00fchrt hat, stehen morgen eine andere Landschaft und andere\u00a0 Naturr\u00e4ume im Blickpunkt:<\/p>\n<p>Am Sonntag, 06. Mai soll es an die d\u00e4nische Westk\u00fcste gehen. Voraussichtliches Ziel ist <a href=\"http:\/\/www.strand-und-steine.de\/landschaft\/straendekliff\/emmerlev\/emmerlev.htm\">Emmerlev Klev<\/a>. Auf alle F\u00e4lle soll es aber noch einen Abstecher in ein kleines Moorgebiet geben.<\/p>\n<p>Start wird voraussicht um <em><strong>11:00<\/strong><\/em> am Geb\u00e4ude Oslo sein. N\u00e4heres nach Absprache.<br \/>\nWer mit m\u00f6chte, melde sich bitte zuvor bei mir<br \/>\n\ud83d\ude42<br \/>\nAxel<\/p>\n<p>P.S.: Erfreulicherweise wird dies eine Tour mit notwendigem Sonnenschutz&#8230;<\/p>\n","protected":false},"excerpt":{"rendered":"<p>Viele sagen, es sei die sch\u00f6nste Zeit des Jahres: Der Frommer. Die Mischung aus Fr\u00fchjahr und Sommer l\u00e4sst Vieles sprie\u00dfen und Einiges aufbl\u00fchen. Nachdem uns die letzten Touren &#8211; nicht alle wurden hier ausgeschrieben &#8211; in und durch Buchenwaldkulturen gef\u00fchrt hat, stehen morgen eine andere Landschaft und andere\u00a0 Naturr\u00e4ume im Blickpunkt: Am Sonntag, 06. Mai [&hellip;]<\/p>\n","protected":false},"author":2,"featured_media":0,"comment_status":"open","ping_status":"open","sticky":false,"template":"","format":"standard","meta":{"footnotes":""},"categories":[1],"tags":[616,325,80,81],"class_list":["post-1892","post","type-post","status-publish","format-standard","hentry","category-allgemein","tag-06-05-2018","tag-emmerlev-klev","tag-moor","tag-westkuste"],"_links":{"self":[{"href":"https:\/\/pioch.dk\/tur\/wp-json\/wp\/v2\/posts\/1892","targetHints":{"allow":["GET"]}}],"collection":[{"href":"https:\/\/pioch.dk\/tur\/wp-json\/wp\/v2\/posts"}],"about":[{"href":"https:\/\/pioch.dk\/tur\/wp-json\/wp\/v2\/types\/post"}],"author":[{"embeddable":true,"href":"https:\/\/pioch.dk\/tur\/wp-json\/wp\/v2\/users\/2"}],"replies":[{"embeddable":true,"href":"https:\/\/pioch.dk\/tur\/wp-json\/wp\/v2\/comments?post=1892"}],"version-history":[{"count":4,"href":"https:\/\/pioch.dk\/tur\/wp-json\/wp\/v2\/posts\/1892\/revisions"}],"predecessor-version":[{"id":1897,"href":"https:\/\/pioch.dk\/tur\/wp-json\/wp\/v2\/posts\/1892\/revisions\/1897"}],"wp:attachment":[{"href":"https:\/\/pioch.dk\/tur\/wp-json\/wp\/v2\/media?parent=1892"}],"wp:term":[{"taxonomy":"category","embeddable":true,"href":"https:\/\/pioch.dk\/tur\/wp-json\/wp\/v2\/categories?post=1892"},{"taxonomy":"post_tag","embeddable":true,"href":"https:\/\/pioch.dk\/tur\/wp-json\/wp\/v2\/tags?post=1892"}],"curies":[{"name":"wp","href":"https:\/\/api.w.org\/{rel}","templated":true}]}}