{"id":2134,"date":"2019-03-28T11:36:35","date_gmt":"2019-03-28T10:36:35","guid":{"rendered":"http:\/\/pioch.dk\/tur\/?p=2134"},"modified":"2019-03-28T11:51:02","modified_gmt":"2019-03-28T10:51:02","slug":"fruehjahr-und-westkueste","status":"publish","type":"post","link":"https:\/\/pioch.dk\/tur\/fruehjahr-und-westkueste\/","title":{"rendered":"Fr\u00fchjahr und Westk\u00fcste"},"content":{"rendered":"<p>Am Wochenende geht es auf ein klassische Fr\u00fchjahrstour an der d\u00e4nischen Westk\u00fcste: Unser Ziel ist <a href=\"https:\/\/strand-und-steine.de\/landschaft\/straendekliff\/emmerlev\/emmerlev.htm\">Emmerlev Klev<\/a>.<\/p>\n<p>Steilk\u00fcste, Watt und Schilf sind nur einige Stichworte zu einem der sch\u00f6nesten Landstriche unserer Region. Weiter gibt es noch den Blick auf das<em> Arbeiter und Bauern Paradies Sylt <\/em>und R\u00f8m\u00f8 sowie eine erwachende Flora. Solangsam kommen ja die Temperaturen in die Puschen \ud83d\ude09<\/p>\n<p>Treffpunkt ist am <em><strong>Sonnabend, 30. M\u00e4rz 2019<\/strong><\/em>, um <em><strong>11:00<\/strong><\/em> vor dem Unigeb\u00e4ude Oslo.<\/p>\n<p>Wer mit m\u00f6chte melde sich bitte wie immer bei mir zuvor.<\/p>\n<p>\ud83d\ude42<br \/>\nAxel<\/p>\n","protected":false},"excerpt":{"rendered":"<p>Am Wochenende geht es auf ein klassische Fr\u00fchjahrstour an der d\u00e4nischen Westk\u00fcste: Unser Ziel ist Emmerlev Klev. Steilk\u00fcste, Watt und Schilf sind nur einige Stichworte zu einem der sch\u00f6nesten Landstriche unserer Region. Weiter gibt es noch den Blick auf das Arbeiter und Bauern Paradies Sylt und R\u00f8m\u00f8 sowie eine erwachende Flora. Solangsam kommen ja die [&hellip;]<\/p>\n","protected":false},"author":2,"featured_media":0,"comment_status":"open","ping_status":"open","sticky":false,"template":"","format":"standard","meta":{"footnotes":""},"categories":[1],"tags":[325,213,81],"class_list":["post-2134","post","type-post","status-publish","format-standard","hentry","category-allgemein","tag-emmerlev-klev","tag-rm","tag-westkuste"],"_links":{"self":[{"href":"https:\/\/pioch.dk\/tur\/wp-json\/wp\/v2\/posts\/2134","targetHints":{"allow":["GET"]}}],"collection":[{"href":"https:\/\/pioch.dk\/tur\/wp-json\/wp\/v2\/posts"}],"about":[{"href":"https:\/\/pioch.dk\/tur\/wp-json\/wp\/v2\/types\/post"}],"author":[{"embeddable":true,"href":"https:\/\/pioch.dk\/tur\/wp-json\/wp\/v2\/users\/2"}],"replies":[{"embeddable":true,"href":"https:\/\/pioch.dk\/tur\/wp-json\/wp\/v2\/comments?post=2134"}],"version-history":[{"count":5,"href":"https:\/\/pioch.dk\/tur\/wp-json\/wp\/v2\/posts\/2134\/revisions"}],"predecessor-version":[{"id":2140,"href":"https:\/\/pioch.dk\/tur\/wp-json\/wp\/v2\/posts\/2134\/revisions\/2140"}],"wp:attachment":[{"href":"https:\/\/pioch.dk\/tur\/wp-json\/wp\/v2\/media?parent=2134"}],"wp:term":[{"taxonomy":"category","embeddable":true,"href":"https:\/\/pioch.dk\/tur\/wp-json\/wp\/v2\/categories?post=2134"},{"taxonomy":"post_tag","embeddable":true,"href":"https:\/\/pioch.dk\/tur\/wp-json\/wp\/v2\/tags?post=2134"}],"curies":[{"name":"wp","href":"https:\/\/api.w.org\/{rel}","templated":true}]}}