{"id":2228,"date":"2019-08-25T21:42:20","date_gmt":"2019-08-25T20:42:20","guid":{"rendered":"http:\/\/pioch.dk\/tur\/?p=2228"},"modified":"2019-08-25T22:45:53","modified_gmt":"2019-08-25T21:45:53","slug":"fledermaustour","status":"publish","type":"post","link":"https:\/\/pioch.dk\/tur\/fledermaustour\/","title":{"rendered":"Fledermaustour"},"content":{"rendered":"<p>Flederm\u00e4use sind aus menschlicher Sicht sehr ungew\u00f6hnliche Tiere. Sie stehen unter Schutz und ihr \u00f6kologischer Wert ist unbestritten. Und dennoch sind sie Streitpunkt. Autobahnbauinteressenten k\u00f6nnen an der <a href=\"https:\/\/www.ndr.de\/nachrichten\/schleswig-holstein\/Stopp-im-A20-Weiterbau-Wieder-wars-die-Fledermaus,autobahnzwanzig102.html\">A20<\/a> ein Lied hiervon singen\u2026.<\/p>\n<p>Da bietet es sich an etwas mehr \u00fcber ihr Leben und ihren Beitrag in der Natur zu erfahren. Am <em><strong>Mittwoch, 28. August 2019<\/strong><\/em>, geht es auf Fledermaustour in S\u00f8nderborg.<\/p>\n<p>Wir schlie\u00dfen uns einer Tour von <a href=\"https:\/\/soenderborg.dn.dk\/\">Danmarks Naturfredningsforening S\u00f8nderborg<\/a> an. Daher wird die Sprache auch D\u00e4nisch sein. Wer (halbwegs) d\u00e4nische Sprachkennnisse hat oder mit einer minimalen \u00dcbersetzung leben kann, ist herzlich willkommen mitzukommen.<\/p>\n<p>Wir starten um <em><strong>20:00<\/strong><\/em> am Geb\u00e4ude Oslo. Die Tour beginnt um <em><strong>21:00<\/strong><\/em> und wird voraussichtlich 2 Stunden dauern. Wer mit m\u00f6chte melde sich bitte zuvor.<\/p>\n<p><em>P\u00e5 onsdag turen g\u00e5r til K\u00e6r Vestermark. Vi deltager ved <a href=\"https:\/\/www.dn.dk\/arrangementer\/235-flagermustur-kaer-vestermark\/\">DN S\u00f8nderborgs Flagermustur<\/a>.<\/em><br \/>\n<em>M\u00f8dested er p\u00e5 St\u00f8vlen.<\/em><\/p>\n<p>Vendlig hilsen \/ Herzliche Gr\u00fc\u00dfe<br \/>\nAxel<\/p>\n<p>P.S.:<br \/>\n<em>Se p\u00e5 DNs flagermus <a href=\"https:\/\/www.dn.dk\/arrangementer\/7005-flagermustur-i-grasten-skovene-familiearrangement\/\">familiearangement<\/a> to dager senere!<\/em><\/p>\n<p>DN hat ein fantastisches <a href=\"https:\/\/www.naturfamilier.dk\/\">Programm<\/a> mit Kindern, mit Familien in die Natur zu gehen. Deshalb schau ma auf die <a href=\"https:\/\/www.dn.dk\/arrangementer\/7005-flagermustur-i-grasten-skovene-familiearrangement\/\">Tour<\/a>, die schlappe zwei Tage sp\u00e4ter stattfindet!<\/p>\n<p>&nbsp;<\/p>\n","protected":false},"excerpt":{"rendered":"<p>Flederm\u00e4use sind aus menschlicher Sicht sehr ungew\u00f6hnliche Tiere. Sie stehen unter Schutz und ihr \u00f6kologischer Wert ist unbestritten. Und dennoch sind sie Streitpunkt. Autobahnbauinteressenten k\u00f6nnen an der A20 ein Lied hiervon singen\u2026. Da bietet es sich an etwas mehr \u00fcber ihr Leben und ihren Beitrag in der Natur zu erfahren. Am Mittwoch, 28. August 2019, [&hellip;]<\/p>\n","protected":false},"author":2,"featured_media":0,"comment_status":"open","ping_status":"open","sticky":false,"template":"","format":"standard","meta":{"footnotes":""},"categories":[1],"tags":[694,641,692,693,57],"class_list":["post-2228","post","type-post","status-publish","format-standard","hentry","category-allgemein","tag-28-08-2019","tag-dn","tag-fledermaus","tag-kaer-vestermark","tag-snderborg"],"_links":{"self":[{"href":"https:\/\/pioch.dk\/tur\/wp-json\/wp\/v2\/posts\/2228","targetHints":{"allow":["GET"]}}],"collection":[{"href":"https:\/\/pioch.dk\/tur\/wp-json\/wp\/v2\/posts"}],"about":[{"href":"https:\/\/pioch.dk\/tur\/wp-json\/wp\/v2\/types\/post"}],"author":[{"embeddable":true,"href":"https:\/\/pioch.dk\/tur\/wp-json\/wp\/v2\/users\/2"}],"replies":[{"embeddable":true,"href":"https:\/\/pioch.dk\/tur\/wp-json\/wp\/v2\/comments?post=2228"}],"version-history":[{"count":6,"href":"https:\/\/pioch.dk\/tur\/wp-json\/wp\/v2\/posts\/2228\/revisions"}],"predecessor-version":[{"id":2238,"href":"https:\/\/pioch.dk\/tur\/wp-json\/wp\/v2\/posts\/2228\/revisions\/2238"}],"wp:attachment":[{"href":"https:\/\/pioch.dk\/tur\/wp-json\/wp\/v2\/media?parent=2228"}],"wp:term":[{"taxonomy":"category","embeddable":true,"href":"https:\/\/pioch.dk\/tur\/wp-json\/wp\/v2\/categories?post=2228"},{"taxonomy":"post_tag","embeddable":true,"href":"https:\/\/pioch.dk\/tur\/wp-json\/wp\/v2\/tags?post=2228"}],"curies":[{"name":"wp","href":"https:\/\/api.w.org\/{rel}","templated":true}]}}