{"id":2281,"date":"2019-11-07T21:15:02","date_gmt":"2019-11-07T20:15:02","guid":{"rendered":"http:\/\/pioch.dk\/tur\/?p=2281"},"modified":"2019-11-07T22:03:42","modified_gmt":"2019-11-07T21:03:42","slug":"grasten","status":"publish","type":"post","link":"https:\/\/pioch.dk\/tur\/grasten\/","title":{"rendered":"Gr\u00e5sten"},"content":{"rendered":"<p>Zun\u00e4chst ein kleiner R\u00fcckblick: Am vergangenen Wochenende ging es in die Fr\u00f8slev Plantage. Ein spannendes Gebiet: &#8218;Oberpreu\u00dfisch&#8216; amutend zeigte sich der Plantagen Charakter. Doch nach nur kurzer Zeit lie\u00dfen sich auch gezielte Eingriffe der im Jetzt in die Natur sehen.<\/p>\n<p><a href=\"https:\/\/pioch.dk\/tur\/wp-content\/uploads\/2019\/11\/191103_froeslev_plantage_02_red.jpg\"><img loading=\"lazy\" decoding=\"async\" class=\"alignnone size-medium wp-image-2298\" src=\"https:\/\/pioch.dk\/tur\/wp-content\/uploads\/2019\/11\/191103_froeslev_plantage_02_red-300x225.jpg\" alt=\"\" width=\"300\" height=\"225\" srcset=\"https:\/\/pioch.dk\/tur\/wp-content\/uploads\/2019\/11\/191103_froeslev_plantage_02_red-300x225.jpg 300w, https:\/\/pioch.dk\/tur\/wp-content\/uploads\/2019\/11\/191103_froeslev_plantage_02_red-768x576.jpg 768w, https:\/\/pioch.dk\/tur\/wp-content\/uploads\/2019\/11\/191103_froeslev_plantage_02_red-1024x768.jpg 1024w\" sizes=\"auto, (max-width: 300px) 100vw, 300px\" \/><\/a><\/p>\n<p>Es offenbarte sich aber schnelle eine einzigartige D\u00fcnen- und Heidelandschaft.<\/p>\n<p><a href=\"https:\/\/pioch.dk\/tur\/wp-content\/uploads\/2019\/11\/191103_froeslev_plantage_07_red.jpg\"><img loading=\"lazy\" decoding=\"async\" class=\"alignnone size-medium wp-image-2299\" src=\"https:\/\/pioch.dk\/tur\/wp-content\/uploads\/2019\/11\/191103_froeslev_plantage_07_red-300x225.jpg\" alt=\"\" width=\"300\" height=\"225\" srcset=\"https:\/\/pioch.dk\/tur\/wp-content\/uploads\/2019\/11\/191103_froeslev_plantage_07_red-300x225.jpg 300w, https:\/\/pioch.dk\/tur\/wp-content\/uploads\/2019\/11\/191103_froeslev_plantage_07_red-768x576.jpg 768w, https:\/\/pioch.dk\/tur\/wp-content\/uploads\/2019\/11\/191103_froeslev_plantage_07_red-1024x768.jpg 1024w\" sizes=\"auto, (max-width: 300px) 100vw, 300px\" \/><\/a> <a href=\"https:\/\/pioch.dk\/tur\/wp-content\/uploads\/2019\/11\/191103_froeslev_plantage_08_red.jpg\"><img loading=\"lazy\" decoding=\"async\" class=\"alignnone size-medium wp-image-2300\" src=\"https:\/\/pioch.dk\/tur\/wp-content\/uploads\/2019\/11\/191103_froeslev_plantage_08_red-300x225.jpg\" alt=\"\" width=\"300\" height=\"225\" srcset=\"https:\/\/pioch.dk\/tur\/wp-content\/uploads\/2019\/11\/191103_froeslev_plantage_08_red-300x225.jpg 300w, https:\/\/pioch.dk\/tur\/wp-content\/uploads\/2019\/11\/191103_froeslev_plantage_08_red-768x576.jpg 768w, https:\/\/pioch.dk\/tur\/wp-content\/uploads\/2019\/11\/191103_froeslev_plantage_08_red-1024x768.jpg 1024w\" sizes=\"auto, (max-width: 300px) 100vw, 300px\" \/><\/a><\/p>\n<p>Wieder im &#8218;idyllisierten&#8216; Plantagengebiet&#8230; <a href=\"https:\/\/pioch.dk\/tur\/wp-content\/uploads\/2019\/11\/191103_froeslev_plantage_09_red.jpg\"><img loading=\"lazy\" decoding=\"async\" class=\"alignnone size-medium wp-image-2301\" src=\"https:\/\/pioch.dk\/tur\/wp-content\/uploads\/2019\/11\/191103_froeslev_plantage_09_red-300x225.jpg\" alt=\"\" width=\"300\" height=\"225\" srcset=\"https:\/\/pioch.dk\/tur\/wp-content\/uploads\/2019\/11\/191103_froeslev_plantage_09_red-300x225.jpg 300w, https:\/\/pioch.dk\/tur\/wp-content\/uploads\/2019\/11\/191103_froeslev_plantage_09_red-768x576.jpg 768w, https:\/\/pioch.dk\/tur\/wp-content\/uploads\/2019\/11\/191103_froeslev_plantage_09_red-1024x768.jpg 1024w\" sizes=\"auto, (max-width: 300px) 100vw, 300px\" \/><\/a><\/p>\n<p>&#8230;offenbart sich mit Finkehede eine Binnend\u00fcne der besonderen Art. <a href=\"https:\/\/pioch.dk\/tur\/wp-content\/uploads\/2019\/11\/191103_froeslev_plantage_10_red.jpg\"><img loading=\"lazy\" decoding=\"async\" class=\"alignnone size-medium wp-image-2302\" src=\"https:\/\/pioch.dk\/tur\/wp-content\/uploads\/2019\/11\/191103_froeslev_plantage_10_red-300x225.jpg\" alt=\"\" width=\"300\" height=\"225\" srcset=\"https:\/\/pioch.dk\/tur\/wp-content\/uploads\/2019\/11\/191103_froeslev_plantage_10_red-300x225.jpg 300w, https:\/\/pioch.dk\/tur\/wp-content\/uploads\/2019\/11\/191103_froeslev_plantage_10_red-768x576.jpg 768w, https:\/\/pioch.dk\/tur\/wp-content\/uploads\/2019\/11\/191103_froeslev_plantage_10_red-1024x768.jpg 1024w\" sizes=\"auto, (max-width: 300px) 100vw, 300px\" \/><\/a><\/p>\n<p>Der Abschluss der Tour mit dem Weg durch Fr\u00f8slevlejren ist ungew\u00f6hnlich, ein Mahnmal und auch mit der Efterskole eine lebende Hoffnung. Das k\u00f6nnen leider nur Stichworte einer der ungew\u00f6hnlichsten Wege in der nahen Fensburger Umgebung sein.<\/p>\n<p>Und damit zum Ausblick: Gr\u00e5sten \u2013 es gibt hier weitaus mehr als das Schloss der K\u00f6nigsfamilie. Den meisten ist der kleine Ort mit seinen 4.300 Einwohnern auch nur als &#8218;Abfahrt&#8216; auf dem Weg nach S\u00f8nderborg gelegen bekannt. Zu Unrecht!<\/p>\n<p>Allein absolut sehenswert sind die W\u00e4lder um Gr\u00e5sten. Gr\u00e5sten Skovene bieten derzeit noch ein fantastisches Farbenspiel des Herbstes. Zudem sind jetzt Fl\u00e4chen des Waldes aus der (\u00f6konomischen) Bewirtschaftung herausgenommen worden. <em>Ur\u00f8rt skov<\/em> (\u201anaturnaher Wald\u2018) ist einer der interessantesten Ans\u00e4tz in unserer Region um Biodiversit\u00e4t und nat\u00fcrlicher Entwicklung Raum zu geben.<\/p>\n<p>Unser Spaziergang findet am <em><strong>Sonntag, 10. November 2019<\/strong><\/em>, statt. Treffpunkt ist um <em><strong>11:00<\/strong><\/em> vor dem Uni Geb\u00e4ude Oslo.<\/p>\n<p>Turen g\u00e5r p\u00e5 s\u00f8ndag i Gr\u00e5sten Skovene. Skoven er meget farverigt i denne dager. Og meget interessant i henvisning af biodiversitet. Hvis du vil v\u00e6re p\u00e5 turen ring eller skriv, tak. Vi m\u00f8des ved parkeringspladsen Skolegade\/Engvej\/<em><strong>Skovvej<\/strong><\/em> onkring <em><strong>kl. 11:40<\/strong><\/em>.<\/p>\n<p>Wer mit m\u00f6chte melde sich bitte zuvor bei mir.<\/p>\n<p>Vielen Dank<br \/>\nAxel<\/p>\n<p>&nbsp;<\/p>\n<p>P.S.: Einzelne hatten schon geh\u00f6rt dass unser Spaziergang am Wochenende auf die Halbinsel Kalv\u00f8 gehen sollte. Die Kalv\u00f8 Tour wird verschoben und noch dieses Jahr kommen&#8230; \ud83d\ude42<\/p>\n","protected":false},"excerpt":{"rendered":"<p>Zun\u00e4chst ein kleiner R\u00fcckblick: Am vergangenen Wochenende ging es in die Fr\u00f8slev Plantage. Ein spannendes Gebiet: &#8218;Oberpreu\u00dfisch&#8216; amutend zeigte sich der Plantagen Charakter. Doch nach nur kurzer Zeit lie\u00dfen sich auch gezielte Eingriffe der im Jetzt in die Natur sehen. Es offenbarte sich aber schnelle eine einzigartige D\u00fcnen- und Heidelandschaft. Wieder im &#8218;idyllisierten&#8216; Plantagengebiet&#8230; &#8230;offenbart [&hellip;]<\/p>\n","protected":false},"author":2,"featured_media":0,"comment_status":"open","ping_status":"open","sticky":false,"template":"","format":"standard","meta":{"footnotes":""},"categories":[1],"tags":[709,611,710],"class_list":["post-2281","post","type-post","status-publish","format-standard","hentry","category-allgemein","tag-11-11-2019","tag-grasten","tag-urort-skov"],"_links":{"self":[{"href":"https:\/\/pioch.dk\/tur\/wp-json\/wp\/v2\/posts\/2281","targetHints":{"allow":["GET"]}}],"collection":[{"href":"https:\/\/pioch.dk\/tur\/wp-json\/wp\/v2\/posts"}],"about":[{"href":"https:\/\/pioch.dk\/tur\/wp-json\/wp\/v2\/types\/post"}],"author":[{"embeddable":true,"href":"https:\/\/pioch.dk\/tur\/wp-json\/wp\/v2\/users\/2"}],"replies":[{"embeddable":true,"href":"https:\/\/pioch.dk\/tur\/wp-json\/wp\/v2\/comments?post=2281"}],"version-history":[{"count":6,"href":"https:\/\/pioch.dk\/tur\/wp-json\/wp\/v2\/posts\/2281\/revisions"}],"predecessor-version":[{"id":2304,"href":"https:\/\/pioch.dk\/tur\/wp-json\/wp\/v2\/posts\/2281\/revisions\/2304"}],"wp:attachment":[{"href":"https:\/\/pioch.dk\/tur\/wp-json\/wp\/v2\/media?parent=2281"}],"wp:term":[{"taxonomy":"category","embeddable":true,"href":"https:\/\/pioch.dk\/tur\/wp-json\/wp\/v2\/categories?post=2281"},{"taxonomy":"post_tag","embeddable":true,"href":"https:\/\/pioch.dk\/tur\/wp-json\/wp\/v2\/tags?post=2281"}],"curies":[{"name":"wp","href":"https:\/\/api.w.org\/{rel}","templated":true}]}}