{"id":2294,"date":"2019-11-13T23:57:04","date_gmt":"2019-11-13T22:57:04","guid":{"rendered":"http:\/\/pioch.dk\/tur\/?p=2294"},"modified":"2019-11-17T18:08:05","modified_gmt":"2019-11-17T17:08:05","slug":"kalvo-nachgeholt","status":"publish","type":"post","link":"https:\/\/pioch.dk\/tur\/kalvo-nachgeholt\/","title":{"rendered":"Kalv\u00f8 \u2013 nachgeholt!"},"content":{"rendered":"<p>Bevor es auf Kalv\u00f8 geht, eine kleine Bildernachlese vom Spaziergang der letzten Woche in\u00a0 die W\u00e4lder bei Gr\u00e5sten:<\/p>\n<p><a href=\"https:\/\/pioch.dk\/tur\/wp-content\/uploads\/2019\/11\/191110_graastenskov_01_red.jpg\"><img loading=\"lazy\" decoding=\"async\" class=\"alignnone size-medium wp-image-2309\" src=\"https:\/\/pioch.dk\/tur\/wp-content\/uploads\/2019\/11\/191110_graastenskov_01_red-225x300.jpg\" alt=\"\" width=\"225\" height=\"300\" srcset=\"https:\/\/pioch.dk\/tur\/wp-content\/uploads\/2019\/11\/191110_graastenskov_01_red-225x300.jpg 225w, https:\/\/pioch.dk\/tur\/wp-content\/uploads\/2019\/11\/191110_graastenskov_01_red-768x1024.jpg 768w, https:\/\/pioch.dk\/tur\/wp-content\/uploads\/2019\/11\/191110_graastenskov_01_red.jpg 1732w\" sizes=\"auto, (max-width: 225px) 100vw, 225px\" \/><\/a> <a href=\"https:\/\/pioch.dk\/tur\/wp-content\/uploads\/2019\/11\/191110_graastenskov_04_red.jpg\"><img loading=\"lazy\" decoding=\"async\" class=\"alignnone size-medium wp-image-2310\" src=\"https:\/\/pioch.dk\/tur\/wp-content\/uploads\/2019\/11\/191110_graastenskov_04_red-225x300.jpg\" alt=\"\" width=\"225\" height=\"300\" srcset=\"https:\/\/pioch.dk\/tur\/wp-content\/uploads\/2019\/11\/191110_graastenskov_04_red-225x300.jpg 225w, https:\/\/pioch.dk\/tur\/wp-content\/uploads\/2019\/11\/191110_graastenskov_04_red-768x1024.jpg 768w, https:\/\/pioch.dk\/tur\/wp-content\/uploads\/2019\/11\/191110_graastenskov_04_red.jpg 1732w\" sizes=\"auto, (max-width: 225px) 100vw, 225px\" \/><\/a>\u00a0 <a href=\"https:\/\/pioch.dk\/tur\/wp-content\/uploads\/2019\/11\/191110_graastenskov_21_red.jpg\"><img loading=\"lazy\" decoding=\"async\" class=\"alignnone size-medium wp-image-2312\" src=\"https:\/\/pioch.dk\/tur\/wp-content\/uploads\/2019\/11\/191110_graastenskov_21_red-300x225.jpg\" alt=\"\" width=\"300\" height=\"225\" srcset=\"https:\/\/pioch.dk\/tur\/wp-content\/uploads\/2019\/11\/191110_graastenskov_21_red-300x225.jpg 300w, https:\/\/pioch.dk\/tur\/wp-content\/uploads\/2019\/11\/191110_graastenskov_21_red-768x576.jpg 768w, https:\/\/pioch.dk\/tur\/wp-content\/uploads\/2019\/11\/191110_graastenskov_21_red-1024x768.jpg 1024w\" sizes=\"auto, (max-width: 300px) 100vw, 300px\" \/><\/a> <a href=\"https:\/\/pioch.dk\/tur\/wp-content\/uploads\/2019\/11\/191110_graastenskov_34_red.jpg\"><img loading=\"lazy\" decoding=\"async\" class=\"alignnone size-medium wp-image-2313\" src=\"https:\/\/pioch.dk\/tur\/wp-content\/uploads\/2019\/11\/191110_graastenskov_34_red-300x225.jpg\" alt=\"\" width=\"300\" height=\"225\" srcset=\"https:\/\/pioch.dk\/tur\/wp-content\/uploads\/2019\/11\/191110_graastenskov_34_red-300x225.jpg 300w, https:\/\/pioch.dk\/tur\/wp-content\/uploads\/2019\/11\/191110_graastenskov_34_red-768x576.jpg 768w, https:\/\/pioch.dk\/tur\/wp-content\/uploads\/2019\/11\/191110_graastenskov_34_red-1024x768.jpg 1024w\" sizes=\"auto, (max-width: 300px) 100vw, 300px\" \/><\/a> <a href=\"https:\/\/pioch.dk\/tur\/wp-content\/uploads\/2019\/11\/191110_graastenskov_39_red.jpg\"><img loading=\"lazy\" decoding=\"async\" class=\"alignnone size-medium wp-image-2314\" src=\"https:\/\/pioch.dk\/tur\/wp-content\/uploads\/2019\/11\/191110_graastenskov_39_red-225x300.jpg\" alt=\"\" width=\"225\" height=\"300\" srcset=\"https:\/\/pioch.dk\/tur\/wp-content\/uploads\/2019\/11\/191110_graastenskov_39_red-225x300.jpg 225w, https:\/\/pioch.dk\/tur\/wp-content\/uploads\/2019\/11\/191110_graastenskov_39_red-768x1024.jpg 768w, https:\/\/pioch.dk\/tur\/wp-content\/uploads\/2019\/11\/191110_graastenskov_39_red.jpg 1732w\" sizes=\"auto, (max-width: 225px) 100vw, 225px\" \/><\/a> <a href=\"https:\/\/pioch.dk\/tur\/wp-content\/uploads\/2019\/11\/191110_graastenskov_43_red.jpg\"><img loading=\"lazy\" decoding=\"async\" class=\"alignnone size-medium wp-image-2315\" src=\"https:\/\/pioch.dk\/tur\/wp-content\/uploads\/2019\/11\/191110_graastenskov_43_red-300x225.jpg\" alt=\"\" width=\"300\" height=\"225\" srcset=\"https:\/\/pioch.dk\/tur\/wp-content\/uploads\/2019\/11\/191110_graastenskov_43_red-300x225.jpg 300w, https:\/\/pioch.dk\/tur\/wp-content\/uploads\/2019\/11\/191110_graastenskov_43_red-768x576.jpg 768w, https:\/\/pioch.dk\/tur\/wp-content\/uploads\/2019\/11\/191110_graastenskov_43_red-1024x768.jpg 1024w\" sizes=\"auto, (max-width: 300px) 100vw, 300px\" \/><\/a><\/p>\n<p>Eine kleine Auswahl&#8230; Das was wird im sonnendurchfluteten Herbstwald gesehen haben, l\u00e4sst sich nur schwer auf wenige Bilder reduzieren&#8230;<\/p>\n<p>Doch nun zu dem was ansteht:<br \/>\nAm <em><strong>Sonntag, 17. November 2019<\/strong><\/em> zieht es uns in die Genner Bugt bei Aabenraa auf die Halbinsel <a href=\"https:\/\/de.wikipedia.org\/wiki\/Kalv%C3%B8\">Kalv\u00f8<\/a> . Von der Landstra\u00dfe 170 gehen wir durch ein deutlich eiszeitlich gepr\u00e4gtes Waldgebiet auf dem <a href=\"https:\/\/www.aabenraa.dk\/media\/627091\/Kalvoe.pdf\">Kalv\u00f8sti<\/a>. Ein mehrfaches Auf und Ab ist also garantiert.<\/p>\n<p>Aber es lohnt sich: Die kleine Halbinsel Kalv\u00f8 bietet nicht nur Geschichte, sondern auch etwas f\u00fcr das Auge.<\/p>\n<p><em>Turen g\u00e5r p\u00e5 <a href=\"https:\/\/www.aabenraa.dk\/media\/3824971\/Kalvoe_Mini.pdf\">Kalv\u00f8<\/a> p\u00e5 <strong>s\u00f8ndag 17\/11<\/strong>. Vi starter p\u00e5 Flensborg Universitet og samles ved parkering pladsen Genner Hoel\/Kalv\u00f8stien (55\u00b006&#8217;38.3&#8243;N 9\u00b026&#8217;20.8&#8243;E \/ 55.110649, 9.439098) omkring <strong>kl. 11.45<\/strong>.<\/em><\/p>\n<p>Wer mit m\u00f6chte melde sich bitte zuvor. <em>Ring eller skriv hvis du vil g\u00e5r p\u00e5 turen, tak.<\/em><\/p>\n<p>cu<br \/>\nAxel<\/p>\n","protected":false},"excerpt":{"rendered":"<p>Bevor es auf Kalv\u00f8 geht, eine kleine Bildernachlese vom Spaziergang der letzten Woche in\u00a0 die W\u00e4lder bei Gr\u00e5sten: \u00a0 Eine kleine Auswahl&#8230; Das was wird im sonnendurchfluteten Herbstwald gesehen haben, l\u00e4sst sich nur schwer auf wenige Bilder reduzieren&#8230; Doch nun zu dem was ansteht: Am Sonntag, 17. November 2019 zieht es uns in die Genner [&hellip;]<\/p>\n","protected":false},"author":2,"featured_media":0,"comment_status":"open","ping_status":"open","sticky":false,"template":"","format":"standard","meta":{"footnotes":""},"categories":[1],"tags":[],"class_list":["post-2294","post","type-post","status-publish","format-standard","hentry","category-allgemein"],"_links":{"self":[{"href":"https:\/\/pioch.dk\/tur\/wp-json\/wp\/v2\/posts\/2294","targetHints":{"allow":["GET"]}}],"collection":[{"href":"https:\/\/pioch.dk\/tur\/wp-json\/wp\/v2\/posts"}],"about":[{"href":"https:\/\/pioch.dk\/tur\/wp-json\/wp\/v2\/types\/post"}],"author":[{"embeddable":true,"href":"https:\/\/pioch.dk\/tur\/wp-json\/wp\/v2\/users\/2"}],"replies":[{"embeddable":true,"href":"https:\/\/pioch.dk\/tur\/wp-json\/wp\/v2\/comments?post=2294"}],"version-history":[{"count":6,"href":"https:\/\/pioch.dk\/tur\/wp-json\/wp\/v2\/posts\/2294\/revisions"}],"predecessor-version":[{"id":2319,"href":"https:\/\/pioch.dk\/tur\/wp-json\/wp\/v2\/posts\/2294\/revisions\/2319"}],"wp:attachment":[{"href":"https:\/\/pioch.dk\/tur\/wp-json\/wp\/v2\/media?parent=2294"}],"wp:term":[{"taxonomy":"category","embeddable":true,"href":"https:\/\/pioch.dk\/tur\/wp-json\/wp\/v2\/categories?post=2294"},{"taxonomy":"post_tag","embeddable":true,"href":"https:\/\/pioch.dk\/tur\/wp-json\/wp\/v2\/tags?post=2294"}],"curies":[{"name":"wp","href":"https:\/\/api.w.org\/{rel}","templated":true}]}}