{"id":2434,"date":"2020-03-25T21:40:56","date_gmt":"2020-03-25T20:40:56","guid":{"rendered":"http:\/\/pioch.dk\/tur\/?p=2434"},"modified":"2020-03-26T18:13:14","modified_gmt":"2020-03-26T17:13:14","slug":"duene-am-tresssee","status":"publish","type":"post","link":"https:\/\/pioch.dk\/tur\/duene-am-tresssee\/","title":{"rendered":"D\u00fcne am Tre\u00dfsee"},"content":{"rendered":"<p>Die Corona Krise zwingt auch das Projekt Spazierg\u00e4nge in der Region zur Ruhe.<br \/>\nNichtsdestotrotz werde ich mir im Rahmen der M\u00f6glichkeiten einige Gebiete genauer anschauen und hier ein paar Anregungen und Notizen hinterlassen. So ging es dann heute in ein gesch\u00fctztes Gebiet direkt vor meiner Haust\u00fcr:<br \/>\n<a href=\"https:\/\/pioch.dk\/tur\/wp-content\/uploads\/2020\/03\/200325_tresssee_01_red-scaled.jpg\"><img loading=\"lazy\" decoding=\"async\" class=\"alignnone size-medium wp-image-2438\" src=\"https:\/\/pioch.dk\/tur\/wp-content\/uploads\/2020\/03\/200325_tresssee_01_red-300x169.jpg\" alt=\"\" width=\"300\" height=\"169\" srcset=\"https:\/\/pioch.dk\/tur\/wp-content\/uploads\/2020\/03\/200325_tresssee_01_red-300x169.jpg 300w, https:\/\/pioch.dk\/tur\/wp-content\/uploads\/2020\/03\/200325_tresssee_01_red-1024x576.jpg 1024w, https:\/\/pioch.dk\/tur\/wp-content\/uploads\/2020\/03\/200325_tresssee_01_red-768x432.jpg 768w, https:\/\/pioch.dk\/tur\/wp-content\/uploads\/2020\/03\/200325_tresssee_01_red-1536x864.jpg 1536w, https:\/\/pioch.dk\/tur\/wp-content\/uploads\/2020\/03\/200325_tresssee_01_red-2048x1152.jpg 2048w\" sizes=\"auto, (max-width: 300px) 100vw, 300px\" \/><\/a><\/p>\n<p>Direkt vor den Toren Flensburgs gelegen ist das <a href=\"https:\/\/de.wikipedia.org\/wiki\/D%C3%BCne_am_Tre%C3%9Fsee\">NSG D\u00fcne am Tre\u00dfsee<\/a>, eines der popul\u00e4rsten Spaziergebiete im Flensburger Raum. Bereits im Jahre 1937 wurde das Gebiet unter Naturschutz gestellt.<\/p>\n<p>Der Tre\u00dfsee ist Bestandteil der <a href=\"https:\/\/www.oberetreenelandschaft.de\/\">Oberen Treenelandschaft<\/a>. Noch vor 50 Jahren war er um ein Vielfaches gr\u00f6\u00dfer. Die nat\u00fcrliche Verlandung und der anthropogene Einfluss auf die Landschaft machen ihn zu einem sterbenden Gew\u00e4sser. Christian Stolz von der Flensburger Universit\u00e4t forscht hier zu der Thematik.<\/p>\n<p>Gekennzeichnet ist das Gebiet durch eine Wegf\u00fchrung \u00fcber diverse Pfade. Es zeigt sich eine reduzierte Graslandschaft in der wenige Baumgruppen auff\u00e4llig sind. Klassische Moorfl\u00e4chen sind hier genauso wie Heidefloren zufinden.<\/p>\n<p>An einigen Stellen ist der Boden aufgebrochen. <a href=\"https:\/\/pioch.dk\/tur\/wp-content\/uploads\/2020\/03\/200325_tresssee_05_red.jpg\"><img loading=\"lazy\" decoding=\"async\" class=\"alignnone size-medium wp-image-2440\" src=\"https:\/\/pioch.dk\/tur\/wp-content\/uploads\/2020\/03\/200325_tresssee_05_red-300x225.jpg\" alt=\"\" width=\"300\" height=\"225\" srcset=\"https:\/\/pioch.dk\/tur\/wp-content\/uploads\/2020\/03\/200325_tresssee_05_red-300x225.jpg 300w, https:\/\/pioch.dk\/tur\/wp-content\/uploads\/2020\/03\/200325_tresssee_05_red-1024x768.jpg 1024w, https:\/\/pioch.dk\/tur\/wp-content\/uploads\/2020\/03\/200325_tresssee_05_red-768x576.jpg 768w, https:\/\/pioch.dk\/tur\/wp-content\/uploads\/2020\/03\/200325_tresssee_05_red-1536x1152.jpg 1536w, https:\/\/pioch.dk\/tur\/wp-content\/uploads\/2020\/03\/200325_tresssee_05_red-2048x1536.jpg 2048w\" sizes=\"auto, (max-width: 300px) 100vw, 300px\" \/><\/a> <a href=\"https:\/\/pioch.dk\/tur\/wp-content\/uploads\/2020\/03\/200325_tresssee_06_red.jpg\"><img loading=\"lazy\" decoding=\"async\" class=\"alignnone size-medium wp-image-2441\" src=\"https:\/\/pioch.dk\/tur\/wp-content\/uploads\/2020\/03\/200325_tresssee_06_red-300x225.jpg\" alt=\"\" width=\"300\" height=\"225\" srcset=\"https:\/\/pioch.dk\/tur\/wp-content\/uploads\/2020\/03\/200325_tresssee_06_red-300x225.jpg 300w, https:\/\/pioch.dk\/tur\/wp-content\/uploads\/2020\/03\/200325_tresssee_06_red-1024x768.jpg 1024w, https:\/\/pioch.dk\/tur\/wp-content\/uploads\/2020\/03\/200325_tresssee_06_red-768x576.jpg 768w, https:\/\/pioch.dk\/tur\/wp-content\/uploads\/2020\/03\/200325_tresssee_06_red-1536x1152.jpg 1536w, https:\/\/pioch.dk\/tur\/wp-content\/uploads\/2020\/03\/200325_tresssee_06_red-2048x1536.jpg 2048w\" sizes=\"auto, (max-width: 300px) 100vw, 300px\" \/><\/a> <a href=\"https:\/\/pioch.dk\/tur\/wp-content\/uploads\/2020\/03\/200325_tresssee_08_red.jpg\"><img loading=\"lazy\" decoding=\"async\" class=\"alignnone size-medium wp-image-2442\" src=\"https:\/\/pioch.dk\/tur\/wp-content\/uploads\/2020\/03\/200325_tresssee_08_red-300x225.jpg\" alt=\"\" width=\"300\" height=\"225\" srcset=\"https:\/\/pioch.dk\/tur\/wp-content\/uploads\/2020\/03\/200325_tresssee_08_red-300x225.jpg 300w, https:\/\/pioch.dk\/tur\/wp-content\/uploads\/2020\/03\/200325_tresssee_08_red-1024x768.jpg 1024w, https:\/\/pioch.dk\/tur\/wp-content\/uploads\/2020\/03\/200325_tresssee_08_red-768x576.jpg 768w, https:\/\/pioch.dk\/tur\/wp-content\/uploads\/2020\/03\/200325_tresssee_08_red-1536x1152.jpg 1536w, https:\/\/pioch.dk\/tur\/wp-content\/uploads\/2020\/03\/200325_tresssee_08_red-2048x1536.jpg 2048w\" sizes=\"auto, (max-width: 300px) 100vw, 300px\" \/><\/a><\/p>\n<p>Dort l\u00e4sst sich das Bodenprofil mit Podsol und Flugsand nachvollziehen. Es wird angenommen dass die Sandfl\u00e4chen ihren Ursprung in der Weichsel-Kaltzeit haben. Zudem kommt der Tre\u00dfsee als Quelle einiger Sandbereiche in Betracht.<\/p>\n<p>Als Treffpunkt bietet sich der Parkbereich Zur Heide\/Am Tre\u00dfsee in der N\u00e4he Juhlschaus an. <a href=\"https:\/\/pioch.dk\/tur\/wp-content\/uploads\/2020\/03\/200325_tresssee_04_red.jpg\"><img loading=\"lazy\" decoding=\"async\" class=\"alignnone size-medium wp-image-2439\" src=\"https:\/\/pioch.dk\/tur\/wp-content\/uploads\/2020\/03\/200325_tresssee_04_red-300x225.jpg\" alt=\"\" width=\"300\" height=\"225\" srcset=\"https:\/\/pioch.dk\/tur\/wp-content\/uploads\/2020\/03\/200325_tresssee_04_red-300x225.jpg 300w, https:\/\/pioch.dk\/tur\/wp-content\/uploads\/2020\/03\/200325_tresssee_04_red-1024x768.jpg 1024w, https:\/\/pioch.dk\/tur\/wp-content\/uploads\/2020\/03\/200325_tresssee_04_red-768x576.jpg 768w, https:\/\/pioch.dk\/tur\/wp-content\/uploads\/2020\/03\/200325_tresssee_04_red-1536x1152.jpg 1536w, https:\/\/pioch.dk\/tur\/wp-content\/uploads\/2020\/03\/200325_tresssee_04_red-2048x1536.jpg 2048w\" sizes=\"auto, (max-width: 300px) 100vw, 300px\" \/><\/a><\/p>\n<p>Ein idyllischer Einstieg, der allerdings nicht den Tre\u00dfsee bietet. Das erste Gew\u00e4sser ist der k\u00fcnstlich aufgestaute <a href=\"https:\/\/de.wikipedia.org\/wiki\/Julesee\">Julesee<\/a>. Die Geschichte dieses Gew\u00e4ssers ist sowohl der Anwendung \u00f6kologischer Ma\u00dfnahmen als auch dem neuzeitlichen Wirken der Medien geschuldet. Die Geschichte des Eckernf\u00f6rder <a href=\"https:\/\/de.wikipedia.org\/wiki\/Oberer_Eimersee\">Eimersees<\/a> ist hier nicht un\u00e4hnlich.<\/p>\n<p>Am Aussichtspunkt l\u00e4sst sich prima in die Angliter Landschaft und die Tre\u00dfseeniederung blicken. <a href=\"https:\/\/pioch.dk\/tur\/wp-content\/uploads\/2020\/03\/200325_tresssee_09_red.jpg\"><img loading=\"lazy\" decoding=\"async\" class=\"alignnone size-medium wp-image-2443\" src=\"https:\/\/pioch.dk\/tur\/wp-content\/uploads\/2020\/03\/200325_tresssee_09_red-300x225.jpg\" alt=\"\" width=\"300\" height=\"225\" srcset=\"https:\/\/pioch.dk\/tur\/wp-content\/uploads\/2020\/03\/200325_tresssee_09_red-300x225.jpg 300w, https:\/\/pioch.dk\/tur\/wp-content\/uploads\/2020\/03\/200325_tresssee_09_red-1024x768.jpg 1024w, https:\/\/pioch.dk\/tur\/wp-content\/uploads\/2020\/03\/200325_tresssee_09_red-768x576.jpg 768w, https:\/\/pioch.dk\/tur\/wp-content\/uploads\/2020\/03\/200325_tresssee_09_red-1536x1152.jpg 1536w, https:\/\/pioch.dk\/tur\/wp-content\/uploads\/2020\/03\/200325_tresssee_09_red-2048x1536.jpg 2048w\" sizes=\"auto, (max-width: 300px) 100vw, 300px\" \/><\/a><\/p>\n<p>Mit ein bisschen Kenntnis und Geduld lassen sich auch seltenere Pflanzen wie Sonnentau zu den entsprechenden Zeiten entdecken.<\/p>\n<p>Heute muss sich das Gebiet mehreren Herausforderungen stellen: Hundehalter lassen ihre Vierbeiner sehr oft ohne Leine in dem gesch\u00fctzten Bereich freilaufen. Sobald es w\u00e4rmer wird ist es zudem keine Seltenheit dass Hunde zum Abk\u00fchlen in die Wasserfl\u00e4chen gescheucht werden. Darauf angesprochen ist dann ein \u201a<em>Hier sind doch keine V\u00f6gel\u2026<\/em>\u2018 zu h\u00f6ren. Warum wohl nicht\u2026<\/p>\n<p>Spannender sind die regelm\u00e4\u00dfig notwenigen Entkusselungsma\u00dfnahmen. <a href=\"https:\/\/pioch.dk\/tur\/wp-content\/uploads\/2020\/03\/200325_tresssee_27_red.jpg\"><img loading=\"lazy\" decoding=\"async\" class=\"alignnone size-medium wp-image-2447\" src=\"https:\/\/pioch.dk\/tur\/wp-content\/uploads\/2020\/03\/200325_tresssee_27_red-300x225.jpg\" alt=\"\" width=\"300\" height=\"225\" srcset=\"https:\/\/pioch.dk\/tur\/wp-content\/uploads\/2020\/03\/200325_tresssee_27_red-300x225.jpg 300w, https:\/\/pioch.dk\/tur\/wp-content\/uploads\/2020\/03\/200325_tresssee_27_red-1024x768.jpg 1024w, https:\/\/pioch.dk\/tur\/wp-content\/uploads\/2020\/03\/200325_tresssee_27_red-768x576.jpg 768w, https:\/\/pioch.dk\/tur\/wp-content\/uploads\/2020\/03\/200325_tresssee_27_red-1536x1152.jpg 1536w, https:\/\/pioch.dk\/tur\/wp-content\/uploads\/2020\/03\/200325_tresssee_27_red-2048x1536.jpg 2048w\" sizes=\"auto, (max-width: 300px) 100vw, 300px\" \/> <\/a><a href=\"https:\/\/pioch.dk\/tur\/wp-content\/uploads\/2020\/03\/200325_tresssee_17_red.jpg\"><img loading=\"lazy\" decoding=\"async\" class=\"alignnone size-medium wp-image-2445\" src=\"https:\/\/pioch.dk\/tur\/wp-content\/uploads\/2020\/03\/200325_tresssee_17_red-300x225.jpg\" alt=\"\" width=\"300\" height=\"225\" srcset=\"https:\/\/pioch.dk\/tur\/wp-content\/uploads\/2020\/03\/200325_tresssee_17_red-300x225.jpg 300w, https:\/\/pioch.dk\/tur\/wp-content\/uploads\/2020\/03\/200325_tresssee_17_red-1024x768.jpg 1024w, https:\/\/pioch.dk\/tur\/wp-content\/uploads\/2020\/03\/200325_tresssee_17_red-768x576.jpg 768w, https:\/\/pioch.dk\/tur\/wp-content\/uploads\/2020\/03\/200325_tresssee_17_red-1536x1152.jpg 1536w, https:\/\/pioch.dk\/tur\/wp-content\/uploads\/2020\/03\/200325_tresssee_17_red-2048x1536.jpg 2048w\" sizes=\"auto, (max-width: 300px) 100vw, 300px\" \/><\/a><br \/>\nOhne eine Teilbeweidung oder die Entnahme von Geh\u00f6lzen, dem F\u00e4llen der schnellwachsenden B\u00e4umchen, wurde die Binnend\u00fcne innerhalb weniger Jahre schnell verwalden. Und w\u00e4re somit Geschichte\u2026<\/p>\n<p>Ein absolut erlebenswertes Gebiet!<\/p>\n","protected":false},"excerpt":{"rendered":"<p>Die Corona Krise zwingt auch das Projekt Spazierg\u00e4nge in der Region zur Ruhe. Nichtsdestotrotz werde ich mir im Rahmen der M\u00f6glichkeiten einige Gebiete genauer anschauen und hier ein paar Anregungen und Notizen hinterlassen. So ging es dann heute in ein gesch\u00fctztes Gebiet direkt vor meiner Haust\u00fcr: Direkt vor den Toren Flensburgs gelegen ist das NSG [&hellip;]<\/p>\n","protected":false},"author":2,"featured_media":0,"comment_status":"open","ping_status":"open","sticky":false,"template":"","format":"standard","meta":{"footnotes":""},"categories":[1],"tags":[730,181,731,728,729,727,473,634],"class_list":["post-2434","post","type-post","status-publish","format-standard","hentry","category-allgemein","tag-25-03-2020","tag-angeln","tag-binnenduene","tag-eimersee","tag-hunde","tag-julesee","tag-treene","tag-tresssee"],"_links":{"self":[{"href":"https:\/\/pioch.dk\/tur\/wp-json\/wp\/v2\/posts\/2434","targetHints":{"allow":["GET"]}}],"collection":[{"href":"https:\/\/pioch.dk\/tur\/wp-json\/wp\/v2\/posts"}],"about":[{"href":"https:\/\/pioch.dk\/tur\/wp-json\/wp\/v2\/types\/post"}],"author":[{"embeddable":true,"href":"https:\/\/pioch.dk\/tur\/wp-json\/wp\/v2\/users\/2"}],"replies":[{"embeddable":true,"href":"https:\/\/pioch.dk\/tur\/wp-json\/wp\/v2\/comments?post=2434"}],"version-history":[{"count":7,"href":"https:\/\/pioch.dk\/tur\/wp-json\/wp\/v2\/posts\/2434\/revisions"}],"predecessor-version":[{"id":2466,"href":"https:\/\/pioch.dk\/tur\/wp-json\/wp\/v2\/posts\/2434\/revisions\/2466"}],"wp:attachment":[{"href":"https:\/\/pioch.dk\/tur\/wp-json\/wp\/v2\/media?parent=2434"}],"wp:term":[{"taxonomy":"category","embeddable":true,"href":"https:\/\/pioch.dk\/tur\/wp-json\/wp\/v2\/categories?post=2434"},{"taxonomy":"post_tag","embeddable":true,"href":"https:\/\/pioch.dk\/tur\/wp-json\/wp\/v2\/tags?post=2434"}],"curies":[{"name":"wp","href":"https:\/\/api.w.org\/{rel}","templated":true}]}}