{"id":2885,"date":"2022-06-23T22:13:29","date_gmt":"2022-06-23T21:13:29","guid":{"rendered":"http:\/\/pioch.dk\/tur\/?p=2885"},"modified":"2022-06-24T15:24:11","modified_gmt":"2022-06-24T14:24:11","slug":"nah-tour","status":"publish","type":"post","link":"https:\/\/pioch.dk\/tur\/nah-tour\/","title":{"rendered":"Nah-Tour"},"content":{"rendered":"\r\n<p>Nicht nur die Zeit ist weitergegangen. Eine Erholungszeit, Inspiration: <a href=\"https:\/\/naturmoedet.dk\/\">Naturm\u00f8det<\/a>, das Neuentdecken der eigenen Touren, Vendsyssel, Touren als Tour-Ist, Fortbildungen, Lehre, &#8230; es lie\u00dfe sich noch Vieles aus den letzten zwei Monaten aufz\u00e4hlen.<br \/>Aber die Spazierg\u00e4nge in der Region nehmen jetzt wieder Fahrt auf:<br \/><br \/>Am Sonnabend, <em><strong>25. Juni 2022<\/strong><\/em>, geht es zu einer Tour mit Dennis Barnekow nach Bockholmwik\/H\u00f6ftland. Dennis ist vielen von euch bekannt: Er ist nicht nur Kopf des Umweltbildungszentrums der Europa-Universit\u00e4t Flensburg, sondern auch Vorsitzender des Naturschutzvereins im Amt Langballig e.V. In der zuletzt genannten Eigenschaft wird er uns die Bedeutung eines beeindruckenden Teils der Landschaft Angelns zeigen.<br \/><br \/>Wer mit m\u00f6chte: Treffen \u2013 nach vorheriger Anmeldung bei mir \u2013 um <em><strong>14:15<\/strong><\/em> auf dem Campus. Dann geht es ca. zwei Stunden auf zum Erleben \ud83d\ude0a<br \/><br \/>Am Sonntag, <em><strong>26. Juni 2022<\/strong><\/em>, geht es nach Strander\u00f8d auf den Gendarmsti. Auch dies wird eine etwas ungew\u00f6hnliche Tour: Schwerpunkt ist das Aufzeigen von Vermittlungsaspekten. Die Tour ist ein Angebot f\u00fcr Lehramtsstudierende der EUF; ist aber offen f\u00fcr weitere Interessierte nach Absprache mit mir. Start ist gegen <em><strong>15:00<\/strong><\/em>, die R\u00fcckkehr gegen <em><strong>18:00<\/strong><\/em>.<br \/><br \/>In der n\u00e4chsten Zeit wird es dann auch weitere\/kurze ad hoc Touren in der Woche geben.<br \/><br \/>Zudem ist dem ist eine Tour f\u00fcr Sonntag, <em><strong>03. Juli 2022<\/strong><\/em>, ins Auge gefasst\u2026<br \/><br \/><br \/>Allen St. Hans Aften Gr\u00fc\u00dfe \/Vi ses p\u00e5 turen<br \/>Axel<\/p>\r\n","protected":false},"excerpt":{"rendered":"<p>Nicht nur die Zeit ist weitergegangen. Eine Erholungszeit, Inspiration: Naturm\u00f8det, das Neuentdecken der eigenen Touren, Vendsyssel, Touren als Tour-Ist, Fortbildungen, Lehre, &#8230; es lie\u00dfe sich noch Vieles aus den letzten zwei Monaten aufz\u00e4hlen.Aber die Spazierg\u00e4nge in der Region nehmen jetzt wieder Fahrt auf: Am Sonnabend, 25. Juni 2022, geht es zu einer Tour mit Dennis [&hellip;]<\/p>\n","protected":false},"author":2,"featured_media":0,"comment_status":"open","ping_status":"open","sticky":false,"template":"","format":"standard","meta":{"footnotes":""},"categories":[1],"tags":[832,827,831,64,828,48,829,830,20,833],"class_list":["post-2885","post","type-post","status-publish","format-standard","hentry","category-allgemein","tag-03-07-2022","tag-25-06-2022","tag-26-06-2022","tag-ad-hoc","tag-bockholmwik","tag-gendarmsti","tag-hoeftland","tag-langballig","tag-stranderd","tag-vendsyssel"],"_links":{"self":[{"href":"https:\/\/pioch.dk\/tur\/wp-json\/wp\/v2\/posts\/2885","targetHints":{"allow":["GET"]}}],"collection":[{"href":"https:\/\/pioch.dk\/tur\/wp-json\/wp\/v2\/posts"}],"about":[{"href":"https:\/\/pioch.dk\/tur\/wp-json\/wp\/v2\/types\/post"}],"author":[{"embeddable":true,"href":"https:\/\/pioch.dk\/tur\/wp-json\/wp\/v2\/users\/2"}],"replies":[{"embeddable":true,"href":"https:\/\/pioch.dk\/tur\/wp-json\/wp\/v2\/comments?post=2885"}],"version-history":[{"count":3,"href":"https:\/\/pioch.dk\/tur\/wp-json\/wp\/v2\/posts\/2885\/revisions"}],"predecessor-version":[{"id":2889,"href":"https:\/\/pioch.dk\/tur\/wp-json\/wp\/v2\/posts\/2885\/revisions\/2889"}],"wp:attachment":[{"href":"https:\/\/pioch.dk\/tur\/wp-json\/wp\/v2\/media?parent=2885"}],"wp:term":[{"taxonomy":"category","embeddable":true,"href":"https:\/\/pioch.dk\/tur\/wp-json\/wp\/v2\/categories?post=2885"},{"taxonomy":"post_tag","embeddable":true,"href":"https:\/\/pioch.dk\/tur\/wp-json\/wp\/v2\/tags?post=2885"}],"curies":[{"name":"wp","href":"https:\/\/api.w.org\/{rel}","templated":true}]}}