{"id":2906,"date":"2022-08-03T10:51:49","date_gmt":"2022-08-03T09:51:49","guid":{"rendered":"http:\/\/pioch.dk\/tur\/?p=2906"},"modified":"2022-08-03T12:19:01","modified_gmt":"2022-08-03T11:19:01","slug":"nydamsti-und-gendarmsti","status":"publish","type":"post","link":"https:\/\/pioch.dk\/tur\/nydamsti-und-gendarmsti\/","title":{"rendered":"Nydamsti und Gendarmsti"},"content":{"rendered":"\r\n<p>Am kommenden Wochenende wird es uns auf zwei sehr popul\u00e4re Wege f\u00fchren:<br \/><br \/>Am <em><strong>Sonnabend, 6. August 2022<\/strong><\/em>, geht es auf den Nydamsti (<a href=\"https:\/\/naturstyrelsen.dk\/media\/nst\/67677\/Nydamsstien.pdf\">pdf<\/a>). Ein Rundweg, der uns Natur und Kultur der Region eindrucksvoll vermittelt. Zu dem werden wir mal schauen was wir bei der <a href=\"https:\/\/nydam.nu\/nydambaadens-laug\/\">Nydam Gilde<\/a> erleben werden\u2026<br \/><br \/>Einen Tag sp\u00e4ter, am <em><strong>Sonntag 7. August<\/strong><\/em>, wird es auf den <a href=\"https:\/\/www.gendarmsti.dk\/de\/\">Gendarmsti<\/a> gehen. Je nach Zusammensetzung der Mitkommenden wird es auf einen Abschnitt in der N\u00e4he Flensburgs oder an das Ende des Weges in Skovby gehen.<br \/><br \/>Start f\u00fcr beide Touren ist gegen<em><strong> 11:00<\/strong><\/em> Wer mit m\u00f6chte, melde sich bitte zuvor bei mir.<br \/><br \/><em>P\u00e5 weekend ture g\u00e5 til Nydamsti og Gendarmsti.Vi m\u00f8des ved p-padsen Nydamvej 43, 6400 S\u00f8nderborg (54.957415, 9.731546) omkring 11:50\/12:10 <\/em><em>p\u00e5 l\u00f8rdag. P\u00e5 s\u00f8ndag m\u00e5let ved Gendarmstien er ikke klar i nu.<br \/>Skal du med p\u00e5 tur, ring eller skriv. Tak!<br \/><\/em><\/p>\r\n<p>Venlig hilsen \/ Herzliche Gr\u00fc\u00dfe<br \/>Axel<\/p>\r\n<p>&nbsp;<\/p>\r\n","protected":false},"excerpt":{"rendered":"<p>Am kommenden Wochenende wird es uns auf zwei sehr popul\u00e4re Wege f\u00fchren: Am Sonnabend, 6. August 2022, geht es auf den Nydamsti (pdf). Ein Rundweg, der uns Natur und Kultur der Region eindrucksvoll vermittelt. Zu dem werden wir mal schauen was wir bei der Nydam Gilde erleben werden\u2026 Einen Tag sp\u00e4ter, am Sonntag 7. August, [&hellip;]<\/p>\n","protected":false},"author":2,"featured_media":0,"comment_status":"open","ping_status":"open","sticky":false,"template":"","format":"standard","meta":{"footnotes":""},"categories":[1],"tags":[837,838,48,427],"class_list":["post-2906","post","type-post","status-publish","format-standard","hentry","category-allgemein","tag-06-08-2022","tag-07-08-2022","tag-gendarmsti","tag-nydam"],"_links":{"self":[{"href":"https:\/\/pioch.dk\/tur\/wp-json\/wp\/v2\/posts\/2906","targetHints":{"allow":["GET"]}}],"collection":[{"href":"https:\/\/pioch.dk\/tur\/wp-json\/wp\/v2\/posts"}],"about":[{"href":"https:\/\/pioch.dk\/tur\/wp-json\/wp\/v2\/types\/post"}],"author":[{"embeddable":true,"href":"https:\/\/pioch.dk\/tur\/wp-json\/wp\/v2\/users\/2"}],"replies":[{"embeddable":true,"href":"https:\/\/pioch.dk\/tur\/wp-json\/wp\/v2\/comments?post=2906"}],"version-history":[{"count":6,"href":"https:\/\/pioch.dk\/tur\/wp-json\/wp\/v2\/posts\/2906\/revisions"}],"predecessor-version":[{"id":2913,"href":"https:\/\/pioch.dk\/tur\/wp-json\/wp\/v2\/posts\/2906\/revisions\/2913"}],"wp:attachment":[{"href":"https:\/\/pioch.dk\/tur\/wp-json\/wp\/v2\/media?parent=2906"}],"wp:term":[{"taxonomy":"category","embeddable":true,"href":"https:\/\/pioch.dk\/tur\/wp-json\/wp\/v2\/categories?post=2906"},{"taxonomy":"post_tag","embeddable":true,"href":"https:\/\/pioch.dk\/tur\/wp-json\/wp\/v2\/tags?post=2906"}],"curies":[{"name":"wp","href":"https:\/\/api.w.org\/{rel}","templated":true}]}}