{"id":536,"date":"2011-06-13T23:15:03","date_gmt":"2011-06-13T23:15:03","guid":{"rendered":"http:\/\/pioch.dk\/tur\/?p=536"},"modified":"2011-06-13T23:22:51","modified_gmt":"2011-06-13T23:22:51","slug":"nachlese-draved-skov-mittwoch-abend-und-monatsende","status":"publish","type":"post","link":"https:\/\/pioch.dk\/tur\/nachlese-draved-skov-mittwoch-abend-und-monatsende\/","title":{"rendered":"Nachlese Draved Skov, Mittwoch Abend und Monatsende"},"content":{"rendered":"<p>Die Touren zum Draved Skov waren schon beeindruckend. Ein einzigartiges Wald Areal, dass nicht umsonst als &#8218;D\u00e4nischer Urwald&#8216; bezeichent wird. Allein die Zerschneidung des Gebiets durch eine Landstra\u00dfe macht nachdenklich. Nichtsdestotrotz lassen sich aber gute Touren ins <a href=\"http:\/\/pioch.dk\/foto110529_draved_skov_v\">westliche Gebiet<\/a> als auch ins <a href=\"http:\/\/pioch.dk\/foto110613_draved_skov_oe\">\u00f6stliche Gebiet<\/a> machen. Die Bilder sind <a href=\"http:\/\/pioch.dk\/fotoalbums.php\">online<\/a> und nun stimmen auch die Beschriftungen der Alben (wenn auch noch nicht der Bilder): Manche verwechseln Rechts und Links, Andere Ost und West&#8230;<\/p>\n<p>Zum Ausblick: Leider steht zum zum Wochenende Regen Wetter bevor. Also die Trockenzeit nutzen \ud83d\ude42<br \/>\nDeshalb ist die n\u00e4chste Tour schon am <em><strong>Mittwoch <\/strong><strong>Abend<\/strong><\/em><em><strong>, 15. Juni, 18:00<\/strong><\/em>, ab HG.<\/p>\n<p>Als Ziele sind bisher ins Auge gefasst: Fr\u00f8slev Plantage vor unserer Haust\u00fcr oder die Westk\u00fcsten Klassiker Rickelsb\u00fcller Koog (das n\u00f6rdlichste Festland auf deutscher Seite) und Emmerlev Klev.  &#8211; Zum Monatsende sind dann auch (wieder) Moorgebiete ins Auge gefasst.<\/p>\n<p>So. Wer Mittwoch Abend mit will, melde sich bitte.<\/p>\n<p>cu<br \/>\nAxel<\/p>\n","protected":false},"excerpt":{"rendered":"<p>Die Touren zum Draved Skov waren schon beeindruckend. Ein einzigartiges Wald Areal, dass nicht umsonst als &#8218;D\u00e4nischer Urwald&#8216; bezeichent wird. Allein die Zerschneidung des Gebiets durch eine Landstra\u00dfe macht nachdenklich. Nichtsdestotrotz lassen sich aber gute Touren ins westliche Gebiet als auch ins \u00f6stliche Gebiet machen. Die Bilder sind online und nun stimmen auch die Beschriftungen [&hellip;]<\/p>\n","protected":false},"author":2,"featured_media":0,"comment_status":"open","ping_status":"open","sticky":false,"template":"","format":"standard","meta":{"footnotes":""},"categories":[1],"tags":[136,131],"class_list":["post-536","post","type-post","status-publish","format-standard","hentry","category-allgemein","tag-136","tag-draved-skov"],"_links":{"self":[{"href":"https:\/\/pioch.dk\/tur\/wp-json\/wp\/v2\/posts\/536","targetHints":{"allow":["GET"]}}],"collection":[{"href":"https:\/\/pioch.dk\/tur\/wp-json\/wp\/v2\/posts"}],"about":[{"href":"https:\/\/pioch.dk\/tur\/wp-json\/wp\/v2\/types\/post"}],"author":[{"embeddable":true,"href":"https:\/\/pioch.dk\/tur\/wp-json\/wp\/v2\/users\/2"}],"replies":[{"embeddable":true,"href":"https:\/\/pioch.dk\/tur\/wp-json\/wp\/v2\/comments?post=536"}],"version-history":[{"count":4,"href":"https:\/\/pioch.dk\/tur\/wp-json\/wp\/v2\/posts\/536\/revisions"}],"predecessor-version":[{"id":539,"href":"https:\/\/pioch.dk\/tur\/wp-json\/wp\/v2\/posts\/536\/revisions\/539"}],"wp:attachment":[{"href":"https:\/\/pioch.dk\/tur\/wp-json\/wp\/v2\/media?parent=536"}],"wp:term":[{"taxonomy":"category","embeddable":true,"href":"https:\/\/pioch.dk\/tur\/wp-json\/wp\/v2\/categories?post=536"},{"taxonomy":"post_tag","embeddable":true,"href":"https:\/\/pioch.dk\/tur\/wp-json\/wp\/v2\/tags?post=536"}],"curies":[{"name":"wp","href":"https:\/\/api.w.org\/{rel}","templated":true}]}}