{"id":622,"date":"2012-01-12T15:19:05","date_gmt":"2012-01-12T15:19:05","guid":{"rendered":"http:\/\/pioch.dk\/tur\/?p=622"},"modified":"2012-01-12T15:23:32","modified_gmt":"2012-01-12T15:23:32","slug":"neues-jahr-neue-moglichkeiten","status":"publish","type":"post","link":"https:\/\/pioch.dk\/tur\/neues-jahr-neue-moglichkeiten\/","title":{"rendered":"Neues Jahr &#8211; neue M\u00f6glichkeiten"},"content":{"rendered":"<p>2012 ist ein paar Tage alt und bald geht es mit den Spazierg\u00e4ngen weiter. Da sich alle Projekte weiterentwickeln (wenn sie \u00fcberleben wollen&#8230;), gibt es auch hier ein paar Ver\u00e4nderungen.<\/p>\n<p>Ver\u00e4nderungen wird es zun\u00e4chst bei der Art der Touren geben. Es gibt ab sofort drei Formen von Touren:<\/p>\n<p>1.<br \/>\nBeibehalten werde ich das regelm\u00e4\u00dfige Hinweisen auf bevorstehende  Touren. Auf diese werde ich weiterhin zus\u00e4tzlich durch mails hinweisen.  Wer in den Verteiler aufgenommen werden m\u00f6chte, lasse mir bitte eine  entsprechende Nachricht zu kommen. Geeignete Suchmaschinen helfen (Kontakt technisch) ggf&#8230;<br \/>\nWer den pers\u00f6nlichen Kontakt zu mir sucht, findet mich in der Uni in der  Regel montags bis freitags vormittags im Raum HG 244 oder l\u00e4sst\u00a0 mir  \u00fcber Postfach #85 im HG eine Nachricht zu kommen.<\/p>\n<p>2.<br \/>\nHinzu kommen Einladungstouren. Sie werden nicht mehr ausgeschrieben, sondern f\u00fcr einen <em>speziellen<\/em> Teilnehmerkreis veranstaltet. Wer zum Beispiel f\u00fcr bestimmte (Themen-) Gebiete (Geh\u00f6lze im Winter, Wald, Sp\u00fclsaum, Rosaceae etc.) ein Angebot sucht, kann sowohl dieses als auch den Teilnehmerkreis mit mir direkt absprechen. Das lief in Ans\u00e4tzen auch schon im letzten Jahr; die Erfahrungen best\u00e4tigen diese Form&#8230;<\/p>\n<p>3.<br \/>\nAd hoc tours. Das Wetter ist akzeptabel bis sensationell&#8230; und raus gehts. Anruf gen\u00fcgt &#8211;\u00a0 und wech..<\/p>\n<p>Weitere \u00c4nderungen &#8211; auch inhaltlicher Art &#8211; kommen. Sie werden hier im Laufe der Zeit vorgestellt.<br \/>\nSoweit das Technische. Nun muss ich ma schauen, wohin es am Wochenende geht&#8230;<\/p>\n<p>Ich freue mich sowohl auf die <span style=\"text-decoration: line-through;\">Wiederholungst\u00e4ter<\/span> bekannten Teilnehmer als auch immer auf neue Gesichter<br \/>\nAxel<\/p>\n","protected":false},"excerpt":{"rendered":"<p>2012 ist ein paar Tage alt und bald geht es mit den Spazierg\u00e4ngen weiter. Da sich alle Projekte weiterentwickeln (wenn sie \u00fcberleben wollen&#8230;), gibt es auch hier ein paar Ver\u00e4nderungen. Ver\u00e4nderungen wird es zun\u00e4chst bei der Art der Touren geben. Es gibt ab sofort drei Formen von Touren: 1. Beibehalten werde ich das regelm\u00e4\u00dfige Hinweisen [&hellip;]<\/p>\n","protected":false},"author":2,"featured_media":0,"comment_status":"open","ping_status":"open","sticky":false,"template":"","format":"standard","meta":{"footnotes":""},"categories":[1],"tags":[158,155,156,157],"class_list":["post-622","post","type-post","status-publish","format-standard","hentry","category-allgemein","tag-158","tag-155","tag-anderung","tag-anderungen"],"_links":{"self":[{"href":"https:\/\/pioch.dk\/tur\/wp-json\/wp\/v2\/posts\/622","targetHints":{"allow":["GET"]}}],"collection":[{"href":"https:\/\/pioch.dk\/tur\/wp-json\/wp\/v2\/posts"}],"about":[{"href":"https:\/\/pioch.dk\/tur\/wp-json\/wp\/v2\/types\/post"}],"author":[{"embeddable":true,"href":"https:\/\/pioch.dk\/tur\/wp-json\/wp\/v2\/users\/2"}],"replies":[{"embeddable":true,"href":"https:\/\/pioch.dk\/tur\/wp-json\/wp\/v2\/comments?post=622"}],"version-history":[{"count":9,"href":"https:\/\/pioch.dk\/tur\/wp-json\/wp\/v2\/posts\/622\/revisions"}],"predecessor-version":[{"id":630,"href":"https:\/\/pioch.dk\/tur\/wp-json\/wp\/v2\/posts\/622\/revisions\/630"}],"wp:attachment":[{"href":"https:\/\/pioch.dk\/tur\/wp-json\/wp\/v2\/media?parent=622"}],"wp:term":[{"taxonomy":"category","embeddable":true,"href":"https:\/\/pioch.dk\/tur\/wp-json\/wp\/v2\/categories?post=622"},{"taxonomy":"post_tag","embeddable":true,"href":"https:\/\/pioch.dk\/tur\/wp-json\/wp\/v2\/tags?post=622"}],"curies":[{"name":"wp","href":"https:\/\/api.w.org\/{rel}","templated":true}]}}