{"id":700,"date":"2012-04-14T17:33:06","date_gmt":"2012-04-14T17:33:06","guid":{"rendered":"http:\/\/pioch.dk\/tur\/?p=700"},"modified":"2012-04-14T17:35:14","modified_gmt":"2012-04-14T17:35:14","slug":"programm-verdoppelung-am-sonntag","status":"publish","type":"post","link":"https:\/\/pioch.dk\/tur\/programm-verdoppelung-am-sonntag\/","title":{"rendered":"Programm Verdoppelung am Sonntag"},"content":{"rendered":"<p>Manchmal kommt einfach alles&#8230;<br \/>\n..und um es leistbar zu machen, gibt es eine<span style=\"text-decoration: line-through;\"> \u00c4nderung<\/span> Programmverdoppelung f\u00fcr den morgigen Sonntag:<\/p>\n<p><!--[if gte mso 9]><xml> <\/xml><![endif]--><!--[if gte mso 9]><xml> Normal   0         21         false   false   false      DE   X-NONE   X-NONE <\/xml><![endif]--><!--[if gte mso 9]><xml> <\/xml><![endif]--><!--[if gte mso 10]> <mce:style><!   \/* Style Definitions *\/  table.MsoNormalTable \t{mso-style-name:\"Normale Tabelle\"; \tmso-tstyle-rowband-size:0; \tmso-tstyle-colband-size:0; \tmso-style-noshow:yes; \tmso-style-priority:99; \tmso-style-parent:\"\"; \tmso-padding-alt:0cm 5.4pt 0cm 5.4pt; \tmso-para-margin:0cm; \tmso-para-margin-bottom:.0001pt; \tmso-pagination:widow-orphan; \tfont-size:11.0pt; \tfont-family:\"Calibri\",\"sans-serif\"; \tmso-ascii-font-family:Calibri; \tmso-ascii-theme-font:minor-latin; \tmso-hansi-font-family:Calibri; \tmso-hansi-theme-font:minor-latin; \tmso-bidi-font-family:\"Times New Roman\"; \tmso-bidi-theme-font:minor-bidi; \tmso-fareast-language:EN-US;} --> <!--[endif] --><strong>Angebot 1:<\/strong><br \/>\nUnsere avisierte Tour am <em><strong>Sonntach <\/strong><\/em>findet statt und wird auf <em><strong>10:00<\/strong><\/em> vorverlegt.<br \/>\n&#8211; Ja&#8230;, ich wei\u00df dass das f\u00fcr Einige noch Nacht ist&#8230; ABER Melina wird uns auf der Tour ins wilde Angeln mit einem tollen Fundort mit einer Menge Fr\u00fchjahrsbl\u00fcher entsch\u00e4digen \ud83d\ude42<br \/>\nTreffpunkt ist am HG bei vorheriger Absprache mit mir.<\/p>\n<p><strong><br \/>\n<\/strong><\/p>\n<p><strong>Angebot 2:<\/strong><br \/>\nStadtteil Erkundung M\u00fcrwik.<\/p>\n<p>Manchmal bringt der Wahlkampf auch Veranstaltungen hervor, die Qualit\u00e4t haben und spannend sind: Die Landtagskandidatin Simone Lange (SPD) hat unseren ehemaligen Stadtplaner \u00a0Hans-Friedrich Kroll organisiert, der den <strong>Stadtteilspaziergang M\u00fcrwik <\/strong>leiten wird. Wer schon mal ne Tour mit Hans-Friedrich gemacht hat, kennt seinen Perspektiven aufzeigenden Stil und lernt ihn sehr zu sch\u00e4tzen.<\/p>\n<p>Treffpunkt ist am <em><strong>Sonntach <\/strong><\/em>um <em><strong>14:00<\/strong><\/em> vor dem <em><strong>Gemeindezentrum M\u00fcrwik, F\u00f6rdestra\u00dfe 4<\/strong><\/em>. Ich bin gespannt, welche neuen (und gr\u00fcnen) Perspektiven sich f\u00fcr M\u00fcrwik erkennen lassen. Anschlie\u00dfend l\u00e4dt Simone noch zu Tass Kaff und Kuchen ein, aber das ist ja alles kein Muss. Allerdings bei zwei Touren an einem Tag&#8230;<\/p>\n<p>So, da das Wetter auch Sonne verspricht, steht beiden Touren nichts mehr entgegen \ud83d\ude42<\/p>\n<p>Viel Spa\u00df am und mitm Sonntach<br \/>\nAxel<\/p>\n","protected":false},"excerpt":{"rendered":"<p>Manchmal kommt einfach alles&#8230; ..und um es leistbar zu machen, gibt es eine \u00c4nderung Programmverdoppelung f\u00fcr den morgigen Sonntag: Angebot 1: Unsere avisierte Tour am Sonntach findet statt und wird auf 10:00 vorverlegt. &#8211; Ja&#8230;, ich wei\u00df dass das f\u00fcr Einige noch Nacht ist&#8230; ABER Melina wird uns auf der Tour ins wilde Angeln mit [&hellip;]<\/p>\n","protected":false},"author":2,"featured_media":0,"comment_status":"open","ping_status":"open","sticky":false,"template":"","format":"standard","meta":{"footnotes":""},"categories":[1],"tags":[180,181,182,183,184,185],"class_list":["post-700","post","type-post","status-publish","format-standard","hentry","category-allgemein","tag-180","tag-angeln","tag-melina","tag-murwik","tag-stadtteil","tag-stadtteilspaziergang"],"_links":{"self":[{"href":"https:\/\/pioch.dk\/tur\/wp-json\/wp\/v2\/posts\/700","targetHints":{"allow":["GET"]}}],"collection":[{"href":"https:\/\/pioch.dk\/tur\/wp-json\/wp\/v2\/posts"}],"about":[{"href":"https:\/\/pioch.dk\/tur\/wp-json\/wp\/v2\/types\/post"}],"author":[{"embeddable":true,"href":"https:\/\/pioch.dk\/tur\/wp-json\/wp\/v2\/users\/2"}],"replies":[{"embeddable":true,"href":"https:\/\/pioch.dk\/tur\/wp-json\/wp\/v2\/comments?post=700"}],"version-history":[{"count":4,"href":"https:\/\/pioch.dk\/tur\/wp-json\/wp\/v2\/posts\/700\/revisions"}],"predecessor-version":[{"id":704,"href":"https:\/\/pioch.dk\/tur\/wp-json\/wp\/v2\/posts\/700\/revisions\/704"}],"wp:attachment":[{"href":"https:\/\/pioch.dk\/tur\/wp-json\/wp\/v2\/media?parent=700"}],"wp:term":[{"taxonomy":"category","embeddable":true,"href":"https:\/\/pioch.dk\/tur\/wp-json\/wp\/v2\/categories?post=700"},{"taxonomy":"post_tag","embeddable":true,"href":"https:\/\/pioch.dk\/tur\/wp-json\/wp\/v2\/tags?post=700"}],"curies":[{"name":"wp","href":"https:\/\/api.w.org\/{rel}","templated":true}]}}