{"id":758,"date":"2012-09-10T23:23:31","date_gmt":"2012-09-10T23:23:31","guid":{"rendered":"http:\/\/pioch.dk\/tur\/?p=758"},"modified":"2012-09-10T23:23:31","modified_gmt":"2012-09-10T23:23:31","slug":"endlich-sylt","status":"publish","type":"post","link":"https:\/\/pioch.dk\/tur\/endlich-sylt\/","title":{"rendered":"Endlich? Sylt!"},"content":{"rendered":"<p>Lange. Lange war die Tour erw\u00e4hnt, nun soll sie werden:<\/p>\n<p>Am kommenden Wochenende geht es nach <em><strong>Sylt<\/strong><\/em>. Unser Ziel wird hier List sein. Durch Ort und D\u00fcnen geht es zu einem Abstecher auf den Ellenbogen. Von dort geht es \u00fcber den Deich zur\u00fcck nach Gosch Town. So weit der Plan&#8230; <!--[if gte mso 9]><xml> <\/xml><![endif]--><\/p>\n<p><!--[if gte mso 9]><xml> Normal   0         21         false   false   false      DE   X-NONE   X-NONE <\/xml><![endif]--><!--[if gte mso 9]><xml> <\/xml><![endif]--><!--[if gte mso 10]> <mce:style><!   \/* Style Definitions *\/  table.MsoNormalTable \t{mso-style-name:\"Normale Tabelle\"; \tmso-tstyle-rowband-size:0; \tmso-tstyle-colband-size:0; \tmso-style-noshow:yes; \tmso-style-priority:99; \tmso-style-parent:\"\"; \tmso-padding-alt:0cm 5.4pt 0cm 5.4pt; \tmso-para-margin:0cm; \tmso-para-margin-bottom:.0001pt; \tmso-pagination:widow-orphan; \tfont-size:11.0pt; \tfont-family:\"Calibri\",\"sans-serif\"; \tmso-ascii-font-family:Calibri; \tmso-ascii-theme-font:minor-latin; \tmso-hansi-font-family:Calibri; \tmso-hansi-theme-font:minor-latin; \tmso-bidi-font-family:\"Times New Roman\"; \tmso-bidi-theme-font:minor-bidi; \tmso-fareast-language:EN-US;} --> <!--[endif] --><\/p>\n<p>Je nach Teilnehmer Anzahl f\u00fchrt die Anreise mit PKW \u00fcber Havneby\/R\u00f8m\u00f8 oder per Bahn\/Bus \u00fcber Westerland. Als Termin ist Samstag, <em><strong>15. September<\/strong><\/em> oder Sonntag, <em><strong>16. September<\/strong><\/em> vorgesehen.<\/p>\n<p>Wer Interesse hat mit zu kommen, melde sich bitte bei mir. Am Donnerstag Abend wird dann die Entscheidung (ob Samstach oder Sonntach) unter Ber\u00fccksichtigung des Wetters fallen.<\/p>\n<p>Wir werden sehen&#8230; Sylt sehen&#8230;<br \/>\nAxel<\/p>\n","protected":false},"excerpt":{"rendered":"<p>Lange. Lange war die Tour erw\u00e4hnt, nun soll sie werden: Am kommenden Wochenende geht es nach Sylt. Unser Ziel wird hier List sein. Durch Ort und D\u00fcnen geht es zu einem Abstecher auf den Ellenbogen. Von dort geht es \u00fcber den Deich zur\u00fcck nach Gosch Town. So weit der Plan&#8230; Je nach Teilnehmer Anzahl f\u00fchrt [&hellip;]<\/p>\n","protected":false},"author":2,"featured_media":0,"comment_status":"open","ping_status":"open","sticky":false,"template":"","format":"standard","meta":{"footnotes":""},"categories":[1],"tags":[217,218,215,216,210,209,211,208,212,27,213,26,214],"class_list":["post-758","post","type-post","status-publish","format-standard","hentry","category-allgemein","tag-217","tag-218","tag-bahn","tag-bus","tag-dunen","tag-ellenbogen","tag-fahre","tag-gosch-town","tag-havneby","tag-list","tag-rm","tag-sylt","tag-westerland"],"_links":{"self":[{"href":"https:\/\/pioch.dk\/tur\/wp-json\/wp\/v2\/posts\/758","targetHints":{"allow":["GET"]}}],"collection":[{"href":"https:\/\/pioch.dk\/tur\/wp-json\/wp\/v2\/posts"}],"about":[{"href":"https:\/\/pioch.dk\/tur\/wp-json\/wp\/v2\/types\/post"}],"author":[{"embeddable":true,"href":"https:\/\/pioch.dk\/tur\/wp-json\/wp\/v2\/users\/2"}],"replies":[{"embeddable":true,"href":"https:\/\/pioch.dk\/tur\/wp-json\/wp\/v2\/comments?post=758"}],"version-history":[{"count":6,"href":"https:\/\/pioch.dk\/tur\/wp-json\/wp\/v2\/posts\/758\/revisions"}],"predecessor-version":[{"id":764,"href":"https:\/\/pioch.dk\/tur\/wp-json\/wp\/v2\/posts\/758\/revisions\/764"}],"wp:attachment":[{"href":"https:\/\/pioch.dk\/tur\/wp-json\/wp\/v2\/media?parent=758"}],"wp:term":[{"taxonomy":"category","embeddable":true,"href":"https:\/\/pioch.dk\/tur\/wp-json\/wp\/v2\/categories?post=758"},{"taxonomy":"post_tag","embeddable":true,"href":"https:\/\/pioch.dk\/tur\/wp-json\/wp\/v2\/tags?post=758"}],"curies":[{"name":"wp","href":"https:\/\/api.w.org\/{rel}","templated":true}]}}