{"id":963,"date":"2014-04-23T23:23:03","date_gmt":"2014-04-23T23:23:03","guid":{"rendered":"http:\/\/pioch.dk\/tur\/?p=963"},"modified":"2014-04-24T20:19:19","modified_gmt":"2014-04-24T20:19:19","slug":"freitagsangebot","status":"publish","type":"post","link":"https:\/\/pioch.dk\/tur\/freitagsangebot\/","title":{"rendered":"Freitagsangebot"},"content":{"rendered":"<p>Schnell noch der Hinweis auf ein St\u00fcck Flensburger highlights:<\/p>\n<p><em><strong>Felix Kroll<\/strong><\/em>\u00a0 bietet wieder eine Tour am Freitag an:<\/p>\n<div dir=\"ltr\" data-angle=\"0\" data-font-name=\"g_font_5_0\" data-canvas-width=\"139.76199666781423\"><strong><strong>Hafenkante<\/strong><\/strong><\/div>\n<div dir=\"ltr\" data-angle=\"0\" data-font-name=\"g_font_8_0\" data-canvas-width=\"100.80399759664536\">Themenschwerpunkte: Westseite bis Galwik, Stadtwerke\/Werftufer, Baul\u00fccken und Ruinen mit Zukunft, Visionen und konkrete Planungen.<\/div>\n<div dir=\"ltr\" data-angle=\"0\" data-font-name=\"g_font_8_0\" data-canvas-width=\"22.991199451847073\">Treffpunkt: <em><strong>Hafenspitze<\/strong> <\/em>(Bus Haltestelle &#8222;ZOB&#8220;), R\u00fcckfahrt: Bus Haltestellen Linien 1 und 7: &#8222;Terrassenstra\u00dfe&#8220;).<\/div>\n<div dir=\"ltr\" data-angle=\"0\" data-font-name=\"g_font_8_0\" data-canvas-width=\"22.991199451847073\">\n<div dir=\"ltr\" data-angle=\"0\" data-font-name=\"g_font_5_0\" data-canvas-width=\"139.76199666781423\">\u00a0<strong><em>Beginn 16:30; Ende ca. 18:30.<\/em> <\/strong><\/div>\n<div dir=\"ltr\" data-angle=\"0\" data-font-name=\"g_font_5_0\" data-canvas-width=\"139.76199666781423\"><\/div>\n<div dir=\"ltr\" data-angle=\"0\" data-font-name=\"g_font_5_0\" data-canvas-width=\"139.76199666781423\">Wer etwas \u00fcber unser Dorf, unsere Geschichte und Gegenwart erfahren m\u00f6chte, f\u00fcr den is diese Veranstaltung unverzichtbar!<\/div>\n<div dir=\"ltr\" data-angle=\"0\" data-font-name=\"g_font_5_0\" data-canvas-width=\"139.76199666781423\"><\/div>\n<\/div>\n<div dir=\"ltr\" data-angle=\"0\" data-font-name=\"g_font_8_0\" data-canvas-width=\"22.991199451847073\">\ud83d\ude42<br \/>\ncu<\/div>\n<div dir=\"ltr\" data-angle=\"0\" data-font-name=\"g_font_8_0\" data-canvas-width=\"22.991199451847073\">Axel<\/div>\n<div dir=\"ltr\" data-angle=\"0\" data-font-name=\"g_font_8_0\" data-canvas-width=\"22.991199451847073\"><\/div>\n","protected":false},"excerpt":{"rendered":"<p>Schnell noch der Hinweis auf ein St\u00fcck Flensburger highlights: Felix Kroll\u00a0 bietet wieder eine Tour am Freitag an: Hafenkante Themenschwerpunkte: Westseite bis Galwik, Stadtwerke\/Werftufer, Baul\u00fccken und Ruinen mit Zukunft, Visionen und konkrete Planungen. Treffpunkt: Hafenspitze (Bus Haltestelle &#8222;ZOB&#8220;), R\u00fcckfahrt: Bus Haltestellen Linien 1 und 7: &#8222;Terrassenstra\u00dfe&#8220;). \u00a0Beginn 16:30; Ende ca. 18:30. Wer etwas \u00fcber unser [&hellip;]<\/p>\n","protected":false},"author":2,"featured_media":0,"comment_status":"open","ping_status":"open","sticky":false,"template":"","format":"standard","meta":{"footnotes":""},"categories":[1],"tags":[298,299,300,168],"class_list":["post-963","post","type-post","status-publish","format-standard","hentry","category-allgemein","tag-25-04-2014","tag-hafen","tag-hafenspitze","tag-seniorenbeirat"],"_links":{"self":[{"href":"https:\/\/pioch.dk\/tur\/wp-json\/wp\/v2\/posts\/963","targetHints":{"allow":["GET"]}}],"collection":[{"href":"https:\/\/pioch.dk\/tur\/wp-json\/wp\/v2\/posts"}],"about":[{"href":"https:\/\/pioch.dk\/tur\/wp-json\/wp\/v2\/types\/post"}],"author":[{"embeddable":true,"href":"https:\/\/pioch.dk\/tur\/wp-json\/wp\/v2\/users\/2"}],"replies":[{"embeddable":true,"href":"https:\/\/pioch.dk\/tur\/wp-json\/wp\/v2\/comments?post=963"}],"version-history":[{"count":5,"href":"https:\/\/pioch.dk\/tur\/wp-json\/wp\/v2\/posts\/963\/revisions"}],"predecessor-version":[{"id":968,"href":"https:\/\/pioch.dk\/tur\/wp-json\/wp\/v2\/posts\/963\/revisions\/968"}],"wp:attachment":[{"href":"https:\/\/pioch.dk\/tur\/wp-json\/wp\/v2\/media?parent=963"}],"wp:term":[{"taxonomy":"category","embeddable":true,"href":"https:\/\/pioch.dk\/tur\/wp-json\/wp\/v2\/categories?post=963"},{"taxonomy":"post_tag","embeddable":true,"href":"https:\/\/pioch.dk\/tur\/wp-json\/wp\/v2\/tags?post=963"}],"curies":[{"name":"wp","href":"https:\/\/api.w.org\/{rel}","templated":true}]}}